{"id":8158,"date":"2026-04-29T20:00:47","date_gmt":"2026-04-30T01:00:47","guid":{"rendered":"https:\/\/devocionario.net\/?p=8158"},"modified":"2026-04-29T20:00:51","modified_gmt":"2026-04-30T01:00:51","slug":"jueves-cuarta-semana-de-pascua-30-de-abril-de-2026-ciclo-a","status":"publish","type":"post","link":"https:\/\/devocionario.net\/index.php\/2026\/04\/29\/jueves-cuarta-semana-de-pascua-30-de-abril-de-2026-ciclo-a\/","title":{"rendered":"JUEVES, Cuarta Semana de Pascua , 30 de abril de 2026 (Ciclo a)"},"content":{"rendered":"\n<figure class=\"wp-block-image size-large\"><img fetchpriority=\"high\" decoding=\"async\" width=\"768\" height=\"1024\" src=\"https:\/\/devocionario.net\/wp-content\/uploads\/2026\/04\/loggawiggler-ritual-64444_1920-768x1024.jpg\" alt=\"\" class=\"wp-image-8162\" srcset=\"https:\/\/devocionario.net\/wp-content\/uploads\/2026\/04\/loggawiggler-ritual-64444_1920-768x1024.jpg 768w, https:\/\/devocionario.net\/wp-content\/uploads\/2026\/04\/loggawiggler-ritual-64444_1920-225x300.jpg 225w, https:\/\/devocionario.net\/wp-content\/uploads\/2026\/04\/loggawiggler-ritual-64444_1920-1152x1536.jpg 1152w, https:\/\/devocionario.net\/wp-content\/uploads\/2026\/04\/loggawiggler-ritual-64444_1920.jpg 1440w\" sizes=\"(max-width: 768px) 100vw, 768px\" \/><\/figure>\n\n\n\n<h3 class=\"wp-block-heading\"><strong><em>SANTO DEL D\u00cdA<\/em><\/strong><\/h3>\n\n\n\n<p class=\"has-ast-global-color-2-color has-cyan-bluish-gray-background-color has-text-color has-background has-link-color wp-elements-3109f177a38bd08faaf69cc585652fc5\"><strong>SAN PIO V (1504-1572)<\/strong><\/p>\n\n\n\n<p>San Pio, su nombre Antonio Michele Ghisleri naci\u00f3 en Bosco Marengo (Italia), entro a la Orden de los dominicos, al ordenarse sacerdote fue profesor prior del convento, superior provincial, inquisidor en Como y en B\u00e9rgamo, obispo de Sutri y Nepi, cardenal, grande inquisidor, obispo de Mondov\u00ed, y Papa , fue un gran reformador, particip\u00f3 en el concilio de Trento, para la obligaci\u00f3n de residencia para los obispos, la clausura de los religiosos, el celibato y la santidad de vida de los sacerdotes, las visitas pastorales de los obispos, el impulso a las misiones, la correcci\u00f3n de los libros lit\u00fargicos, la censura de las publicaciones, el impuso lo que \u00e9l viv\u00eda, excomulg\u00f3 y decret\u00f3 la destituci\u00f3n de la reina de Inglaterra, Isabel I, muere a sus sesenta y ocho a\u00f1os de edad.<\/p>\n\n\n\n<h3 class=\"wp-block-heading\"><strong>Evangelio del d\u00eda<\/strong><\/h3>\n\n\n\n<p><strong>San Juan 13, 16-20<\/strong><\/p>\n\n\n\n<p>Cuando Jes\u00fas termin\u00f3 de lavar los pies a sus disc\u00edpulos les dijo:<br>\u00abEn verdad, en verdad os digo: el criado no es m\u00e1s que su amo, ni el enviado es m\u00e1s que el que lo env\u00eda. Puesto que sab\u00e9is esto, dichosos vosotros si lo pon\u00e9is en pr\u00e1ctica. No lo digo por todos vosotros; yo s\u00e9 bien a qui\u00e9nes he elegido, pero tiene que cumplirse la Escritura: \u201cEl que compart\u00eda mi pan me ha traicionado\u201d. Os lo digo ahora, antes de que suceda, para que cuando suceda cre\u00e1is que yo soy.<\/p>\n\n\n\n<p>En verdad, en verdad os digo: el que recibe a quien yo env\u00ede me recibe a m\u00ed; y el que me recibe a m\u00ed recibe al que me ha enviado\u00bb.<\/p>\n\n\n\n<h3 class=\"wp-block-heading\"><strong>Palabra del Se\u00f1or<\/strong><\/h3>\n\n\n\n<p class=\"has-ast-global-color-2-color has-ast-global-color-8-background-color has-text-color has-background has-link-color wp-elements-643821e98bf2d1a2e44493914f4d2ad5\"><strong>MEDITACI\u00d3N<\/strong><\/p>\n\n\n\n<ul class=\"wp-block-list\">\n<li><strong>J<\/strong>El servicio es una de las claves del cristianismo, quien sirve sigue el camino del resucitado, dichosos los que ponemos en pr\u00e1ctica este mandato. Pap\u00e1 Dios nos ha elegido en la persona de su hijo amado, para llevar por el mundo este precepto misionero de servir, por tanto quien no sirve se asemeja a Judas que se niega al proyecto Divino.<\/li>\n\n\n\n<li>Hay una verdad inviolable en la vida de un cristiano, y es la de donarse por el otro a ejemplo de Jesucristo Buen Pastor, porque qui\u00e9n recibe un auxilio recibe las bendiciones del mismo creador.<\/li>\n<\/ul>\n\n\n\n<h4 class=\"wp-block-heading\"><strong>PR\u00c1CTICA DIARIA<\/strong><\/h4>\n\n\n\n<ul class=\"wp-block-list\">\n<li>Hoy visitar\u00e9 un enfermo<\/li>\n\n\n\n<li>SAN PIO V nos dice: &#8220;No hay pecado si no hay voluntad&#8221; y &#8220;La oraci\u00f3n es la mejor arma que tenemos; es la llave al coraz\u00f3n de Dios&#8221;.<\/li>\n<\/ul>\n","protected":false},"excerpt":{"rendered":"<p>SANTO DEL D\u00cdA SAN PIO V (1504-1572) San Pio, su nombre Antonio Michele Ghisleri naci\u00f3 en Bosco Marengo (Italia), entro a la Orden de los dominicos, al ordenarse sacerdote fue profesor prior del convento, superior provincial, inquisidor en Como y en B\u00e9rgamo, obispo de Sutri y Nepi, cardenal, grande inquisidor, obispo de Mondov\u00ed, y Papa &hellip;<\/p>\n<p class=\"read-more\"> <a class=\"\" href=\"https:\/\/devocionario.net\/index.php\/2026\/04\/29\/jueves-cuarta-semana-de-pascua-30-de-abril-de-2026-ciclo-a\/\"> <span class=\"screen-reader-text\">JUEVES, Cuarta Semana de Pascua , 30 de abril de 2026 (Ciclo a)<\/span> Leer m\u00e1s &raquo;<\/a><\/p>\n","protected":false},"author":1,"featured_media":8162,"comment_status":"open","ping_status":"open","sticky":false,"template":"","format":"standard","meta":{"_uag_custom_page_level_css":"","site-sidebar-layout":"default","site-content-layout":"default","ast-global-header-display":"","ast-banner-title-visibility":"","ast-main-header-display":"","ast-hfb-above-header-display":"","ast-hfb-below-header-display":"","ast-hfb-mobile-header-display":"","site-post-title":"","ast-breadcrumbs-content":"","ast-featured-img":"","footer-sml-layout":"","theme-transparent-header-meta":"","adv-header-id-meta":"","stick-header-meta":"","header-above-stick-meta":"","header-main-stick-meta":"","header-below-stick-meta":"","_jetpack_memberships_contains_paid_content":false,"footnotes":""},"categories":[29],"tags":[],"class_list":["post-8158","post","type-post","status-publish","format-standard","has-post-thumbnail","hentry","category-pascua"],"jetpack_featured_media_url":"https:\/\/devocionario.net\/wp-content\/uploads\/2026\/04\/loggawiggler-ritual-64444_1920.jpg","uagb_featured_image_src":{"full":["https:\/\/devocionario.net\/wp-content\/uploads\/2026\/04\/loggawiggler-ritual-64444_1920.jpg",1440,1920,false],"thumbnail":["https:\/\/devocionario.net\/wp-content\/uploads\/2026\/04\/loggawiggler-ritual-64444_1920-150x150.jpg",150,150,true],"medium":["https:\/\/devocionario.net\/wp-content\/uploads\/2026\/04\/loggawiggler-ritual-64444_1920-225x300.jpg",225,300,true],"medium_large":["https:\/\/devocionario.net\/wp-content\/uploads\/2026\/04\/loggawiggler-ritual-64444_1920-768x1024.jpg",768,1024,true],"large":["https:\/\/devocionario.net\/wp-content\/uploads\/2026\/04\/loggawiggler-ritual-64444_1920-768x1024.jpg",768,1024,true],"1536x1536":["https:\/\/devocionario.net\/wp-content\/uploads\/2026\/04\/loggawiggler-ritual-64444_1920-1152x1536.jpg",1152,1536,true],"2048x2048":["https:\/\/devocionario.net\/wp-content\/uploads\/2026\/04\/loggawiggler-ritual-64444_1920.jpg",1440,1920,false]},"uagb_author_info":{"display_name":"PEREGRINOS DE LA ESPERANZA","author_link":"https:\/\/devocionario.net\/author\/ancarosa31gmail-com\/"},"uagb_comment_info":0,"uagb_excerpt":"SANTO DEL D\u00cdA SAN PIO V (1504-1572) San Pio, su nombre Antonio Michele Ghisleri naci\u00f3 en Bosco Marengo (Italia), entro a la Orden de los dominicos, al ordenarse sacerdote fue profesor prior del convento, superior provincial, inquisidor en Como y en B\u00e9rgamo, obispo de Sutri y Nepi, cardenal, grande inquisidor, obispo de Mondov\u00ed, y Papa&hellip;","jetpack_sharing_enabled":true,"_links":{"self":[{"href":"https:\/\/devocionario.net\/index.php\/wp-json\/wp\/v2\/posts\/8158","targetHints":{"allow":["GET"]}}],"collection":[{"href":"https:\/\/devocionario.net\/index.php\/wp-json\/wp\/v2\/posts"}],"about":[{"href":"https:\/\/devocionario.net\/index.php\/wp-json\/wp\/v2\/types\/post"}],"author":[{"embeddable":true,"href":"https:\/\/devocionario.net\/index.php\/wp-json\/wp\/v2\/users\/1"}],"replies":[{"embeddable":true,"href":"https:\/\/devocionario.net\/index.php\/wp-json\/wp\/v2\/comments?post=8158"}],"version-history":[{"count":3,"href":"https:\/\/devocionario.net\/index.php\/wp-json\/wp\/v2\/posts\/8158\/revisions"}],"predecessor-version":[{"id":8163,"href":"https:\/\/devocionario.net\/index.php\/wp-json\/wp\/v2\/posts\/8158\/revisions\/8163"}],"wp:featuredmedia":[{"embeddable":true,"href":"https:\/\/devocionario.net\/index.php\/wp-json\/wp\/v2\/media\/8162"}],"wp:attachment":[{"href":"https:\/\/devocionario.net\/index.php\/wp-json\/wp\/v2\/media?parent=8158"}],"wp:term":[{"taxonomy":"category","embeddable":true,"href":"https:\/\/devocionario.net\/index.php\/wp-json\/wp\/v2\/categories?post=8158"},{"taxonomy":"post_tag","embeddable":true,"href":"https:\/\/devocionario.net\/index.php\/wp-json\/wp\/v2\/tags?post=8158"}],"curies":[{"name":"wp","href":"https:\/\/api.w.org\/{rel}","templated":true}]}}