{"id":8152,"date":"2026-04-28T20:11:38","date_gmt":"2026-04-29T01:11:38","guid":{"rendered":"https:\/\/devocionario.net\/?p=8152"},"modified":"2026-04-28T20:11:41","modified_gmt":"2026-04-29T01:11:41","slug":"miercoles-cuarta-semana-de-pascua-29-de-abril-de-2026-ciclo-a","status":"publish","type":"post","link":"https:\/\/devocionario.net\/index.php\/2026\/04\/28\/miercoles-cuarta-semana-de-pascua-29-de-abril-de-2026-ciclo-a\/","title":{"rendered":"MIERCOLES, Cuarta Semana de Pascua , 29 de abril de 2026 (Ciclo a)"},"content":{"rendered":"\n<figure class=\"wp-block-image size-large\"><img fetchpriority=\"high\" decoding=\"async\" width=\"1024\" height=\"683\" src=\"https:\/\/devocionario.net\/wp-content\/uploads\/2026\/04\/1857643-hand-4661763_1920-1024x683.jpg\" alt=\"\" class=\"wp-image-8155\" srcset=\"https:\/\/devocionario.net\/wp-content\/uploads\/2026\/04\/1857643-hand-4661763_1920-1024x683.jpg 1024w, https:\/\/devocionario.net\/wp-content\/uploads\/2026\/04\/1857643-hand-4661763_1920-300x200.jpg 300w, https:\/\/devocionario.net\/wp-content\/uploads\/2026\/04\/1857643-hand-4661763_1920-768x512.jpg 768w, https:\/\/devocionario.net\/wp-content\/uploads\/2026\/04\/1857643-hand-4661763_1920-1536x1024.jpg 1536w, https:\/\/devocionario.net\/wp-content\/uploads\/2026\/04\/1857643-hand-4661763_1920.jpg 1920w\" sizes=\"(max-width: 1024px) 100vw, 1024px\" \/><\/figure>\n\n\n\n<h3 class=\"wp-block-heading\"><strong><em>SANTO DEL D\u00cdA<\/em><\/strong><\/h3>\n\n\n\n<p class=\"has-ast-global-color-2-color has-cyan-bluish-gray-background-color has-text-color has-background has-link-color wp-elements-d1dacb25f16957a1a4af4847752d01df\"><strong>SAN CATALINA DE SIENA (1347-1380)<\/strong> <\/p>\n\n\n\n<p>San Catalina naci\u00f3 en Siena (Italia), hija de padres virtuosos y piadosos, desde peque\u00f1a era piadosa y ten\u00eda un gran amor a Dios, consagra su virginidad en privado cuando ten\u00eda tan solo siete a\u00f1os, cuando ella estaba entrando en la juventud su Madre la motivaba para que arreglara su apariencia f\u00edsica y tuviera la idea de casarse, ella los complac\u00eda, visti\u00e9ndose elegante , luego ella al dejar toda aquella vanidad comienza a orar m\u00e1s constantemente encerr\u00e1ndose en una celda, y disfrutando de la soledad, pero sus Padres le impon\u00edan trabajos duros para distraerla de aquella vida piadosa, pero ella sobrellev\u00f3 todo esto con dulzura y paciencia, acomod\u00e1ndose aquella vida continu\u00f3 en comunicaci\u00f3n con Dios, pasado algunos a\u00f1os su Padre le autoriz\u00f3 esta vida piadosa m\u00e1s abiertamente, asist\u00eda generosamente a los pobres, serv\u00eda a los enfermos y daba consuelo a los afligidos y prisioneros, recibi\u00f3 el largo h\u00e1bito blanco y negro deseado de la tercera orden de Santo Domingo, dur\u00f3 tres a\u00f1os en una ermita en total silencio, Santa Catalina experiment\u00f3 lo que se denominaba un \u2018matrimonio m\u00edstico\u2019 con Jes\u00fas, cuando ella estaba orando en su habitaci\u00f3n, se le apareci\u00f3 una visi\u00f3n de Cristo, acompa\u00f1ado por Su madre y un cortejo celestial. Tomando la mano de Santa Catalina, Nuestra Se\u00f1ora la llev\u00f3 hasta Cristo, quien le coloc\u00f3 un anillo y la despos\u00f3 Consigo, manifestando que en ese momento ella estaba sustentada por una fe que podr\u00eda superar todas las tentaciones. Para Catalina, el anillo estaba siempre visible, aunque era invisible para los dem\u00e1s, uno de los mayores logros de Santa Catalina fue su labor de llevar de vuelta el Papado a Roma a partir de su desplazamiento a Francia, tuvo una misi\u00f3n en la que Cristo le ofrec\u00eda dos coronas una de espinas y una de oro, as\u00ed que ella escogi\u00f3 la de espinas, escribi\u00f3 muchas cartas y obras, muere cuando sus salud fue en decadencia<\/p>\n\n\n\n<h3 class=\"wp-block-heading\"><strong>Evangelio del d\u00eda<\/strong><\/h3>\n\n\n\n<p><strong>San <strong>Juan 12,44-50<\/strong><\/strong><\/p>\n\n\n\n<p>EN aquel tiempo, Jes\u00fas grit\u00f3 diciendo:<br>\u00abEl que cree en m\u00ed, no cree en m\u00ed, sino en el que me ha enviado. Y el que me ve a m\u00ed, ve al que me ha enviado. Yo he venido al mundo como luz, y as\u00ed, el que cree en m\u00ed no quedar\u00e1 en tinieblas.<br>Al que oiga mis palabras y no las cumpla, yo no lo juzgo, porque no he venido para juzgar al mundo, sino para salvar al mundo. El que me rechaza y no acepta mis palabras tiene quien lo juzgue: la palabra que yo he pronunciado, esa lo juzgar\u00e1 en el \u00faltimo d\u00eda. Porque yo no he hablado por cuenta m\u00eda; el Padre que me envi\u00f3 es quien me ha ordenado lo que he de decir y c\u00f3mo he de hablar. Y s\u00e9 que su mandato es vida eterna. Por tanto, lo que yo hablo, lo hablo como me ha encargado el Padre\u00bb.<\/p>\n\n\n\n<h3 class=\"wp-block-heading\"><strong>Palabra del Se\u00f1or<\/strong><\/h3>\n\n\n\n<p class=\"has-ast-global-color-2-color has-cyan-bluish-gray-background-color has-text-color has-background has-link-color wp-elements-82931df19564103bf061da770d88b90c\"><strong>MEDITACI\u00d3N<\/strong><\/p>\n\n\n\n<ul class=\"wp-block-list\">\n<li>Jesucristo no habla sus propias palabras sino que siendo uno con \u00e9l Padre, hace la voluntad de qui\u00e9n lo envi\u00f3, pues en esto consiste la vida eterna en conocer a Dios Padre y a su enviado Jesucristo, el amor que se ve reflejado en la cruz, es la manifestaci\u00f3n de un Dios que es amor, e invita a la raza humana a reproducir un amor que va m\u00e1s all\u00e1 que se grita desde el universo mismo, es un amor c\u00f3smico, es la manifestaci\u00f3n de la Trinidad en la armon\u00eda del amor del amor que es Dios en su esencia pura y visible.<\/li>\n\n\n\n<li>Hoy nosotros estamos llamados a revelar como Jes\u00fas el amor del Padre para con la humanidad, para ser parte de esa uni\u00f3n entre el Padre y El hijo simplemente debemos amar, ah\u00ed esta la clave y la respuesta correspondida al amor incondicional de Dios, que muere en una cruz y que resucita para mostrar un amor Trinitario.<\/li>\n\n\n\n<li>La misi\u00f3n que nos corresponde cumplir es la manifestaci\u00f3n del rostro de Dios que lo hacemos visible y vivible ante nuestros hermanos por medio de un amor imparable, que trasciende que transforma, que act\u00faa para bien de muchos, que privilegio el nuestro saber que Jes\u00fas no solo se dono sino que nos ense\u00f1a a hacerlo a nosotros tambi\u00e9n, en donde proclamarlo nos hace testigos fieles del amor, este es el sentido de nuestra redenci\u00f3n el amor, amar, amar, amar<\/li>\n<\/ul>\n\n\n\n<h4 class=\"wp-block-heading\"><strong>PR\u00c1CTICA DIARIA<\/strong><\/h4>\n\n\n\n<ul class=\"wp-block-list\">\n<li>Pensar en misionar en mi parroquia m\u00e1s cercana, profundizar en textos b\u00edblicos que hablen del amor de Dios en todos los sentidos.<\/li>\n\n\n\n<li>Santa Catalina de Siena nos dice: &#8220;\u201cEl amor m\u00e1s fuerte y m\u00e1s puro no es el que sube desde la impresi\u00f3n, sino el que desciende desde la admiraci\u00f3n.\u201d<\/li>\n<\/ul>\n","protected":false},"excerpt":{"rendered":"<p>SANTO DEL D\u00cdA SAN CATALINA DE SIENA (1347-1380) San Catalina naci\u00f3 en Siena (Italia), hija de padres virtuosos y piadosos, desde peque\u00f1a era piadosa y ten\u00eda un gran amor a Dios, consagra su virginidad en privado cuando ten\u00eda tan solo siete a\u00f1os, cuando ella estaba entrando en la juventud su Madre la motivaba para que &hellip;<\/p>\n<p class=\"read-more\"> <a class=\"\" href=\"https:\/\/devocionario.net\/index.php\/2026\/04\/28\/miercoles-cuarta-semana-de-pascua-29-de-abril-de-2026-ciclo-a\/\"> <span class=\"screen-reader-text\">MIERCOLES, Cuarta Semana de Pascua , 29 de abril de 2026 (Ciclo a)<\/span> Leer m\u00e1s &raquo;<\/a><\/p>\n","protected":false},"author":1,"featured_media":8155,"comment_status":"open","ping_status":"open","sticky":false,"template":"","format":"standard","meta":{"_uag_custom_page_level_css":"","site-sidebar-layout":"default","site-content-layout":"default","ast-global-header-display":"","ast-banner-title-visibility":"","ast-main-header-display":"","ast-hfb-above-header-display":"","ast-hfb-below-header-display":"","ast-hfb-mobile-header-display":"","site-post-title":"","ast-breadcrumbs-content":"","ast-featured-img":"","footer-sml-layout":"","theme-transparent-header-meta":"","adv-header-id-meta":"","stick-header-meta":"","header-above-stick-meta":"","header-main-stick-meta":"","header-below-stick-meta":"","_jetpack_memberships_contains_paid_content":false,"footnotes":""},"categories":[29],"tags":[],"class_list":["post-8152","post","type-post","status-publish","format-standard","has-post-thumbnail","hentry","category-pascua"],"jetpack_featured_media_url":"https:\/\/devocionario.net\/wp-content\/uploads\/2026\/04\/1857643-hand-4661763_1920.jpg","uagb_featured_image_src":{"full":["https:\/\/devocionario.net\/wp-content\/uploads\/2026\/04\/1857643-hand-4661763_1920.jpg",1920,1280,false],"thumbnail":["https:\/\/devocionario.net\/wp-content\/uploads\/2026\/04\/1857643-hand-4661763_1920-150x150.jpg",150,150,true],"medium":["https:\/\/devocionario.net\/wp-content\/uploads\/2026\/04\/1857643-hand-4661763_1920-300x200.jpg",300,200,true],"medium_large":["https:\/\/devocionario.net\/wp-content\/uploads\/2026\/04\/1857643-hand-4661763_1920-768x512.jpg",768,512,true],"large":["https:\/\/devocionario.net\/wp-content\/uploads\/2026\/04\/1857643-hand-4661763_1920-1024x683.jpg",1024,683,true],"1536x1536":["https:\/\/devocionario.net\/wp-content\/uploads\/2026\/04\/1857643-hand-4661763_1920-1536x1024.jpg",1536,1024,true],"2048x2048":["https:\/\/devocionario.net\/wp-content\/uploads\/2026\/04\/1857643-hand-4661763_1920.jpg",1920,1280,false]},"uagb_author_info":{"display_name":"PEREGRINOS DE LA ESPERANZA","author_link":"https:\/\/devocionario.net\/author\/ancarosa31gmail-com\/"},"uagb_comment_info":0,"uagb_excerpt":"SANTO DEL D\u00cdA SAN CATALINA DE SIENA (1347-1380) San Catalina naci\u00f3 en Siena (Italia), hija de padres virtuosos y piadosos, desde peque\u00f1a era piadosa y ten\u00eda un gran amor a Dios, consagra su virginidad en privado cuando ten\u00eda tan solo siete a\u00f1os, cuando ella estaba entrando en la juventud su Madre la motivaba para que&hellip;","jetpack_sharing_enabled":true,"_links":{"self":[{"href":"https:\/\/devocionario.net\/index.php\/wp-json\/wp\/v2\/posts\/8152","targetHints":{"allow":["GET"]}}],"collection":[{"href":"https:\/\/devocionario.net\/index.php\/wp-json\/wp\/v2\/posts"}],"about":[{"href":"https:\/\/devocionario.net\/index.php\/wp-json\/wp\/v2\/types\/post"}],"author":[{"embeddable":true,"href":"https:\/\/devocionario.net\/index.php\/wp-json\/wp\/v2\/users\/1"}],"replies":[{"embeddable":true,"href":"https:\/\/devocionario.net\/index.php\/wp-json\/wp\/v2\/comments?post=8152"}],"version-history":[{"count":4,"href":"https:\/\/devocionario.net\/index.php\/wp-json\/wp\/v2\/posts\/8152\/revisions"}],"predecessor-version":[{"id":8157,"href":"https:\/\/devocionario.net\/index.php\/wp-json\/wp\/v2\/posts\/8152\/revisions\/8157"}],"wp:featuredmedia":[{"embeddable":true,"href":"https:\/\/devocionario.net\/index.php\/wp-json\/wp\/v2\/media\/8155"}],"wp:attachment":[{"href":"https:\/\/devocionario.net\/index.php\/wp-json\/wp\/v2\/media?parent=8152"}],"wp:term":[{"taxonomy":"category","embeddable":true,"href":"https:\/\/devocionario.net\/index.php\/wp-json\/wp\/v2\/categories?post=8152"},{"taxonomy":"post_tag","embeddable":true,"href":"https:\/\/devocionario.net\/index.php\/wp-json\/wp\/v2\/tags?post=8152"}],"curies":[{"name":"wp","href":"https:\/\/api.w.org\/{rel}","templated":true}]}}