{"id":8146,"date":"2026-04-28T19:38:18","date_gmt":"2026-04-29T00:38:18","guid":{"rendered":"https:\/\/devocionario.net\/?p=8146"},"modified":"2026-04-28T19:38:21","modified_gmt":"2026-04-29T00:38:21","slug":"martes-cuarta-semana-de-pascua-28-de-abril-de-2026-ciclo-a","status":"publish","type":"post","link":"https:\/\/devocionario.net\/index.php\/2026\/04\/28\/martes-cuarta-semana-de-pascua-28-de-abril-de-2026-ciclo-a\/","title":{"rendered":"MARTES, Cuarta Semana de Pascua , 28 de abril de 2026 (Ciclo a)"},"content":{"rendered":"\n<figure class=\"wp-block-image size-large\"><img fetchpriority=\"high\" decoding=\"async\" width=\"1024\" height=\"683\" src=\"https:\/\/devocionario.net\/wp-content\/uploads\/2026\/04\/mabelamber-sheeps-3562868_1920-1024x683.jpg\" alt=\"\" class=\"wp-image-8148\" srcset=\"https:\/\/devocionario.net\/wp-content\/uploads\/2026\/04\/mabelamber-sheeps-3562868_1920-1024x683.jpg 1024w, https:\/\/devocionario.net\/wp-content\/uploads\/2026\/04\/mabelamber-sheeps-3562868_1920-300x200.jpg 300w, https:\/\/devocionario.net\/wp-content\/uploads\/2026\/04\/mabelamber-sheeps-3562868_1920-768x512.jpg 768w, https:\/\/devocionario.net\/wp-content\/uploads\/2026\/04\/mabelamber-sheeps-3562868_1920-1536x1025.jpg 1536w, https:\/\/devocionario.net\/wp-content\/uploads\/2026\/04\/mabelamber-sheeps-3562868_1920.jpg 1920w\" sizes=\"(max-width: 1024px) 100vw, 1024px\" \/><\/figure>\n\n\n\n<h3 class=\"wp-block-heading\"><strong><em>SANTO DEL D\u00cdA<\/em><\/strong><\/h3>\n\n\n\n<p><strong>SAN PROCESO Y MARTINIANO (+ 67)<\/strong><\/p>\n\n\n\n<p>Estos dos m\u00e1rtires entregan su vida por Cristo, eran dos carceleros que custodiaban la c\u00e1rcel de Mamertina de Roma en tiempo de Ner\u00f3n, abrieron su coraz\u00f3n a las ense\u00f1anzas de aquellos que anunciaban a Cristo, un jud\u00edo que daba como recompensa la vida eterna, deciden encender la luz de Jesucristo en sus corazones y dejar en libertad a los ap\u00f3stoles prisioneros, piden los bauticen y quieren tomar el lugar de quienes estaban en prisi\u00f3n convirtiendo sus vidas al discipulado juntos con otros m\u00e1s que abrazaron la fe. Al enterarse el juez Paulino los azoto, para que desistieran de su creencia en Jes\u00fas pero murieron al no renegar de lo que hab\u00edan conocido del Dios Alt\u00edsimo.<\/p>\n\n\n\n<h3 class=\"wp-block-heading\"><strong>Evangelio del d\u00eda<\/strong><\/h3>\n\n\n\n<p><strong>San Juan 10, 22-30<\/strong><\/p>\n\n\n\n<p>Se celebraba en Jerusal\u00e9n la fiesta de la Dedicaci\u00f3n del templo. Era invierno, y Jes\u00fas se paseaba en el templo por el p\u00f3rtico de Salom\u00f3n.<\/p>\n\n\n\n<p>Los jud\u00edos, rode\u00e1ndolo, le preguntaban:<br>\u00ab\u00bfHasta cu\u00e1ndo nos vas a tener en suspenso? Si t\u00fa eres el Mes\u00edas, d\u00ednoslo francamente\u00bb.<\/p>\n\n\n\n<p>Jes\u00fas les respondi\u00f3:<br>\u00abOs lo he dicho, y no cre\u00e9is; las obras que yo hago en nombre de mi Padre, esas dan testimonio de m\u00ed. Pero vosotros no cre\u00e9is, porque no sois de mis ovejas. Mis ovejas escuchan mi voz, y yo las conozco, y ellas me siguen, y yo les doy la vida eterna; no perecer\u00e1n para siempre, y nadie las arrebatar\u00e1 de mi mano. Lo que mi Padre me ha dado es m\u00e1s que todas las cosas, y nadie puede arrebatar nada de la mano de mi Padre. Yo y el Padre somos uno\u00bb.<\/p>\n\n\n\n<h3 class=\"wp-block-heading\"><strong>Palabra del Se\u00f1or<\/strong><\/h3>\n\n\n\n<p class=\"has-cyan-bluish-gray-background-color has-background\"><strong>MEDITACI\u00d3N<\/strong><\/p>\n\n\n\n<ul class=\"wp-block-list\">\n<li>Jesucristo resucitado es el Buen Pastor, a sus pies estamos seguros, porque somos las ovejas redimidas en el altar de la cruz. Jes\u00fas siempre ha demostrado con palabras y obras que es autentico Pastor, nosotros debemos reconocer su poder y seremos salvados para siempre.<\/li>\n\n\n\n<li>Si Jesucristo resucitado es el Buen Pastor, le debemos reconocer escuchando su voz, siguiendo sus ense\u00f1anzas y si obedecemos totalmente a su doctrina nos regalar\u00e1 la vida eterna junto al Padre.<strong> <\/strong><\/li>\n<\/ul>\n\n\n\n<h4 class=\"wp-block-heading\"><strong>PR\u00c1CTICA DIARIA<\/strong><\/h4>\n\n\n\n<ul class=\"wp-block-list\">\n<li>Elevemos una oraci\u00f3n a nuestro Padre Celestial para que nos una en el amor.<\/li>\n\n\n\n<li>San Mar\u00eda Grignion \u201cMar\u00eda es el camino m\u00e1s seguro, el m\u00e1s corto y el m\u00e1s perfecto para ir a\u00a0<em>Jes\u00fas<\/em>\u201d. \u00b7<\/li>\n<\/ul>\n","protected":false},"excerpt":{"rendered":"<p>SANTO DEL D\u00cdA SAN PROCESO Y MARTINIANO (+ 67) Estos dos m\u00e1rtires entregan su vida por Cristo, eran dos carceleros que custodiaban la c\u00e1rcel de Mamertina de Roma en tiempo de Ner\u00f3n, abrieron su coraz\u00f3n a las ense\u00f1anzas de aquellos que anunciaban a Cristo, un jud\u00edo que daba como recompensa la vida eterna, deciden encender &hellip;<\/p>\n<p class=\"read-more\"> <a class=\"\" href=\"https:\/\/devocionario.net\/index.php\/2026\/04\/28\/martes-cuarta-semana-de-pascua-28-de-abril-de-2026-ciclo-a\/\"> <span class=\"screen-reader-text\">MARTES, Cuarta Semana de Pascua , 28 de abril de 2026 (Ciclo a)<\/span> Leer m\u00e1s &raquo;<\/a><\/p>\n","protected":false},"author":1,"featured_media":8148,"comment_status":"open","ping_status":"open","sticky":false,"template":"","format":"standard","meta":{"_uag_custom_page_level_css":"","site-sidebar-layout":"default","site-content-layout":"default","ast-global-header-display":"","ast-banner-title-visibility":"","ast-main-header-display":"","ast-hfb-above-header-display":"","ast-hfb-below-header-display":"","ast-hfb-mobile-header-display":"","site-post-title":"","ast-breadcrumbs-content":"","ast-featured-img":"","footer-sml-layout":"","theme-transparent-header-meta":"","adv-header-id-meta":"","stick-header-meta":"","header-above-stick-meta":"","header-main-stick-meta":"","header-below-stick-meta":"","_jetpack_memberships_contains_paid_content":false,"footnotes":""},"categories":[29],"tags":[],"class_list":["post-8146","post","type-post","status-publish","format-standard","has-post-thumbnail","hentry","category-pascua"],"jetpack_featured_media_url":"https:\/\/devocionario.net\/wp-content\/uploads\/2026\/04\/mabelamber-sheeps-3562868_1920.jpg","uagb_featured_image_src":{"full":["https:\/\/devocionario.net\/wp-content\/uploads\/2026\/04\/mabelamber-sheeps-3562868_1920.jpg",1920,1281,false],"thumbnail":["https:\/\/devocionario.net\/wp-content\/uploads\/2026\/04\/mabelamber-sheeps-3562868_1920-150x150.jpg",150,150,true],"medium":["https:\/\/devocionario.net\/wp-content\/uploads\/2026\/04\/mabelamber-sheeps-3562868_1920-300x200.jpg",300,200,true],"medium_large":["https:\/\/devocionario.net\/wp-content\/uploads\/2026\/04\/mabelamber-sheeps-3562868_1920-768x512.jpg",768,512,true],"large":["https:\/\/devocionario.net\/wp-content\/uploads\/2026\/04\/mabelamber-sheeps-3562868_1920-1024x683.jpg",1024,683,true],"1536x1536":["https:\/\/devocionario.net\/wp-content\/uploads\/2026\/04\/mabelamber-sheeps-3562868_1920-1536x1025.jpg",1536,1025,true],"2048x2048":["https:\/\/devocionario.net\/wp-content\/uploads\/2026\/04\/mabelamber-sheeps-3562868_1920.jpg",1920,1281,false]},"uagb_author_info":{"display_name":"PEREGRINOS DE LA ESPERANZA","author_link":"https:\/\/devocionario.net\/author\/ancarosa31gmail-com\/"},"uagb_comment_info":0,"uagb_excerpt":"SANTO DEL D\u00cdA SAN PROCESO Y MARTINIANO (+ 67) Estos dos m\u00e1rtires entregan su vida por Cristo, eran dos carceleros que custodiaban la c\u00e1rcel de Mamertina de Roma en tiempo de Ner\u00f3n, abrieron su coraz\u00f3n a las ense\u00f1anzas de aquellos que anunciaban a Cristo, un jud\u00edo que daba como recompensa la vida eterna, deciden encender&hellip;","jetpack_sharing_enabled":true,"_links":{"self":[{"href":"https:\/\/devocionario.net\/index.php\/wp-json\/wp\/v2\/posts\/8146","targetHints":{"allow":["GET"]}}],"collection":[{"href":"https:\/\/devocionario.net\/index.php\/wp-json\/wp\/v2\/posts"}],"about":[{"href":"https:\/\/devocionario.net\/index.php\/wp-json\/wp\/v2\/types\/post"}],"author":[{"embeddable":true,"href":"https:\/\/devocionario.net\/index.php\/wp-json\/wp\/v2\/users\/1"}],"replies":[{"embeddable":true,"href":"https:\/\/devocionario.net\/index.php\/wp-json\/wp\/v2\/comments?post=8146"}],"version-history":[{"count":4,"href":"https:\/\/devocionario.net\/index.php\/wp-json\/wp\/v2\/posts\/8146\/revisions"}],"predecessor-version":[{"id":8151,"href":"https:\/\/devocionario.net\/index.php\/wp-json\/wp\/v2\/posts\/8146\/revisions\/8151"}],"wp:featuredmedia":[{"embeddable":true,"href":"https:\/\/devocionario.net\/index.php\/wp-json\/wp\/v2\/media\/8148"}],"wp:attachment":[{"href":"https:\/\/devocionario.net\/index.php\/wp-json\/wp\/v2\/media?parent=8146"}],"wp:term":[{"taxonomy":"category","embeddable":true,"href":"https:\/\/devocionario.net\/index.php\/wp-json\/wp\/v2\/categories?post=8146"},{"taxonomy":"post_tag","embeddable":true,"href":"https:\/\/devocionario.net\/index.php\/wp-json\/wp\/v2\/tags?post=8146"}],"curies":[{"name":"wp","href":"https:\/\/api.w.org\/{rel}","templated":true}]}}