{"id":8141,"date":"2026-04-27T07:25:16","date_gmt":"2026-04-27T12:25:16","guid":{"rendered":"https:\/\/devocionario.net\/?p=8141"},"modified":"2026-04-27T07:25:20","modified_gmt":"2026-04-27T12:25:20","slug":"lunes-cuarta-semana-de-pascua-27-de-abril-de-2026-ciclo-a","status":"publish","type":"post","link":"https:\/\/devocionario.net\/index.php\/2026\/04\/27\/lunes-cuarta-semana-de-pascua-27-de-abril-de-2026-ciclo-a\/","title":{"rendered":"LUNES, Cuarta Semana de Pascua , 27 de abril de 2026 (Ciclo a)"},"content":{"rendered":"\n<figure class=\"wp-block-image size-large\"><img fetchpriority=\"high\" decoding=\"async\" width=\"1024\" height=\"768\" src=\"https:\/\/devocionario.net\/wp-content\/uploads\/2026\/04\/loggawiggler-sheep-15014_1920-1024x768.jpg\" alt=\"\" class=\"wp-image-8143\" srcset=\"https:\/\/devocionario.net\/wp-content\/uploads\/2026\/04\/loggawiggler-sheep-15014_1920-1024x768.jpg 1024w, https:\/\/devocionario.net\/wp-content\/uploads\/2026\/04\/loggawiggler-sheep-15014_1920-300x225.jpg 300w, https:\/\/devocionario.net\/wp-content\/uploads\/2026\/04\/loggawiggler-sheep-15014_1920-768x576.jpg 768w, https:\/\/devocionario.net\/wp-content\/uploads\/2026\/04\/loggawiggler-sheep-15014_1920-1536x1152.jpg 1536w, https:\/\/devocionario.net\/wp-content\/uploads\/2026\/04\/loggawiggler-sheep-15014_1920.jpg 1920w\" sizes=\"(max-width: 1024px) 100vw, 1024px\" \/><\/figure>\n\n\n\n<h3 class=\"wp-block-heading\"><strong><em>SANTO DEL D\u00cdA<\/em><\/strong><\/h3>\n\n\n\n<p class=\"has-ast-global-color-2-color has-cyan-bluish-gray-background-color has-text-color has-background has-link-color wp-elements-a9430547454b52f8394ce554cad784a5\"><strong>SAN ZITA(1218-1278)<\/strong> <\/p>\n\n\n\n<p>Santa Zita naci\u00f3 cerca de Lucca (Italia), su familia era pobre pero muy devota, tenia una hermana de convento, y un t\u00edo ermita\u00f1o, fue cocinera en la familia Fatinelli por cuarenta y ocho a\u00f1os , su amor por los necesitados le hac\u00eda dejar sus quehaceres, un d\u00eda al atender un pobre los dem\u00e1s sirvientes la acusaron, pero para su sorpresa al venir los due\u00f1os de la casa encontraron a \u00e1ngeles haciendo su trabajo, por la ciudad se presentaba una escases de comida, entonces Zita reparti\u00f3 no solo su comida sino la de la familia, al enterarse fueron a revisar y la despensa esta repleta, as\u00ed como estos sucesos santa Zita daba todo a los pobres pues ella confiaba en la providencia de Dios. Ten\u00eda tambi\u00e9n devoci\u00f3n por los presos, a\u00f1os m\u00e1s tarde muere a los sesenta a\u00f1os.<\/p>\n\n\n\n<h3 class=\"wp-block-heading\"><strong>Evangelio del d\u00eda<\/strong><\/h3>\n\n\n\n<p><strong>San Juan 10, 1-10<\/strong><\/p>\n\n\n\n<p>En aquel tiempo, dijo Jes\u00fas:<\/p>\n\n\n\n<p>\u00abEn verdad, en verdad os digo: el que no entra por la puerta en el aprisco de las ovejas, sino que salta por otra parte, ese es ladr\u00f3n y bandido; pero el que entra por la puerta es pastor de las ovejas. A este le abre el guarda y las ovejas atienden a su voz, y \u00e9l va llamando por el nombre a sus ovejas y las saca fuera. Cuando ha sacado todas las suyas camina delante de ellas, y las ovejas lo siguen, porque conocen su voz: a un extra\u00f1o no lo seguir\u00e1n, sino que huir\u00e1n de \u00e9l, porque no conocen la voz de los extra\u00f1os\u00bb.<\/p>\n\n\n\n<p>Jes\u00fas les puso esta comparaci\u00f3n, pero ellos no entendieron de qu\u00e9 les hablaba. Por eso a\u00f1adi\u00f3 Jes\u00fas:<br>\u00abEn verdad, en verdad os digo: yo soy la puerta de las ovejas. Todos los que han venido antes de m\u00ed son ladrones y bandidos; pero las ovejas no los escucharon.<\/p>\n\n\n\n<p>Yo soy la puerta: quien entre por m\u00ed se salvar\u00e1 y podr\u00e1 entrar y salir, y encontrar\u00e1 pastos.<\/p>\n\n\n\n<p>El ladr\u00f3n no entra sino para robar y matar y hacer estragos; yo he venido para que tengan vida y la tengan abundante\u00bb.<\/p>\n\n\n\n<h3 class=\"wp-block-heading\"><strong>Palabra del Se\u00f1or<\/strong><\/h3>\n\n\n\n<p class=\"has-ast-global-color-2-color has-ast-global-color-8-background-color has-text-color has-background has-link-color wp-elements-643821e98bf2d1a2e44493914f4d2ad5\"><strong>MEDITACI\u00d3N<\/strong><\/p>\n\n\n\n<ul class=\"wp-block-list\">\n<li>Jesucristo hoy en el Evangelio nos habla del Buen Pastor que cuida a sus ovejas y las llama por su nombre, debemos escuchar su voz y no la de los impostores, donde esta la Iglesia de Cristo, estaremos en comuni\u00f3n con el Se\u00f1or, muchas veces podemos realizar obras de caridad, ser buenos seres humanos pero lo m\u00e1s importante es tener uni\u00f3n con Dios, reconocer su voz y seguirlo, a trav\u00e9s de su verdadero redil, la Iglesia.<\/li>\n\n\n\n<li>Quienes han resucitado deben saber que voz escuchar, porque puerta entrar, nuestro Pastor hermoso nos muestra el verdadero redil, no podemos ir tras voces oscuras, sino que endulzados por la voz de nuestro salvador, crucemos la puerta que nos conducir\u00e1 a fuentes tranquilas a pastos verdes y duraderos.<\/li>\n\n\n\n<li>En este mundo el maligno act\u00faa como lobo, silencioso, cauteloso, que nos envuelve en felicidades temporales, ensordeciendo nuestro coraz\u00f3n para evitar escuchar el amor que es Jesucristo vivo y santo, si buscamos hacer el bien vamos por \u00e9l que es el camino y la vida, una advertencia en estos tiempos es caminar en la Iglesia que Jes\u00fas inicio, no podemos saltar con tal de avanzar m\u00e1s r\u00e1pido, debemos buscar la unidad, siempre la com\u00fan &#8211; uni\u00f3n siempre en reba\u00f1o, siempre con nuestro PASTOR JESUCRISTO que gu\u00eda e indica el camino exacto que nos conducir\u00e1 al cielo.<\/li>\n<\/ul>\n\n\n\n<h4 class=\"wp-block-heading\"><strong>PR\u00c1CTICA DIARIA<\/strong><\/h4>\n\n\n\n<ul class=\"wp-block-list\">\n<li><strong>Ofrecer el Santo Rosario en este mes de Mar\u00eda por el Papa Le\u00f3n XIV, para que pastoree la Iglesia como Buen Pastor.<\/strong><\/li>\n\n\n\n<li><strong>Santa Zita nos invita a desvivirnos por los necesitados a donarnos hasta el extremo por un Dios visible en nuestros hermanos.<\/strong><\/li>\n<\/ul>\n","protected":false},"excerpt":{"rendered":"<p>SANTO DEL D\u00cdA SAN ZITA(1218-1278) Santa Zita naci\u00f3 cerca de Lucca (Italia), su familia era pobre pero muy devota, tenia una hermana de convento, y un t\u00edo ermita\u00f1o, fue cocinera en la familia Fatinelli por cuarenta y ocho a\u00f1os , su amor por los necesitados le hac\u00eda dejar sus quehaceres, un d\u00eda al atender un &hellip;<\/p>\n<p class=\"read-more\"> <a class=\"\" href=\"https:\/\/devocionario.net\/index.php\/2026\/04\/27\/lunes-cuarta-semana-de-pascua-27-de-abril-de-2026-ciclo-a\/\"> <span class=\"screen-reader-text\">LUNES, Cuarta Semana de Pascua , 27 de abril de 2026 (Ciclo a)<\/span> Leer m\u00e1s &raquo;<\/a><\/p>\n","protected":false},"author":1,"featured_media":8143,"comment_status":"open","ping_status":"open","sticky":false,"template":"","format":"standard","meta":{"_uag_custom_page_level_css":"","site-sidebar-layout":"default","site-content-layout":"default","ast-global-header-display":"","ast-banner-title-visibility":"","ast-main-header-display":"","ast-hfb-above-header-display":"","ast-hfb-below-header-display":"","ast-hfb-mobile-header-display":"","site-post-title":"","ast-breadcrumbs-content":"","ast-featured-img":"","footer-sml-layout":"","theme-transparent-header-meta":"","adv-header-id-meta":"","stick-header-meta":"","header-above-stick-meta":"","header-main-stick-meta":"","header-below-stick-meta":"","_jetpack_memberships_contains_paid_content":false,"footnotes":""},"categories":[29],"tags":[],"class_list":["post-8141","post","type-post","status-publish","format-standard","has-post-thumbnail","hentry","category-pascua"],"jetpack_featured_media_url":"https:\/\/devocionario.net\/wp-content\/uploads\/2026\/04\/loggawiggler-sheep-15014_1920.jpg","uagb_featured_image_src":{"full":["https:\/\/devocionario.net\/wp-content\/uploads\/2026\/04\/loggawiggler-sheep-15014_1920.jpg",1920,1440,false],"thumbnail":["https:\/\/devocionario.net\/wp-content\/uploads\/2026\/04\/loggawiggler-sheep-15014_1920-150x150.jpg",150,150,true],"medium":["https:\/\/devocionario.net\/wp-content\/uploads\/2026\/04\/loggawiggler-sheep-15014_1920-300x225.jpg",300,225,true],"medium_large":["https:\/\/devocionario.net\/wp-content\/uploads\/2026\/04\/loggawiggler-sheep-15014_1920-768x576.jpg",768,576,true],"large":["https:\/\/devocionario.net\/wp-content\/uploads\/2026\/04\/loggawiggler-sheep-15014_1920-1024x768.jpg",1024,768,true],"1536x1536":["https:\/\/devocionario.net\/wp-content\/uploads\/2026\/04\/loggawiggler-sheep-15014_1920-1536x1152.jpg",1536,1152,true],"2048x2048":["https:\/\/devocionario.net\/wp-content\/uploads\/2026\/04\/loggawiggler-sheep-15014_1920.jpg",1920,1440,false]},"uagb_author_info":{"display_name":"PEREGRINOS DE LA ESPERANZA","author_link":"https:\/\/devocionario.net\/author\/ancarosa31gmail-com\/"},"uagb_comment_info":0,"uagb_excerpt":"SANTO DEL D\u00cdA SAN ZITA(1218-1278) Santa Zita naci\u00f3 cerca de Lucca (Italia), su familia era pobre pero muy devota, tenia una hermana de convento, y un t\u00edo ermita\u00f1o, fue cocinera en la familia Fatinelli por cuarenta y ocho a\u00f1os , su amor por los necesitados le hac\u00eda dejar sus quehaceres, un d\u00eda al atender un&hellip;","jetpack_sharing_enabled":true,"_links":{"self":[{"href":"https:\/\/devocionario.net\/index.php\/wp-json\/wp\/v2\/posts\/8141","targetHints":{"allow":["GET"]}}],"collection":[{"href":"https:\/\/devocionario.net\/index.php\/wp-json\/wp\/v2\/posts"}],"about":[{"href":"https:\/\/devocionario.net\/index.php\/wp-json\/wp\/v2\/types\/post"}],"author":[{"embeddable":true,"href":"https:\/\/devocionario.net\/index.php\/wp-json\/wp\/v2\/users\/1"}],"replies":[{"embeddable":true,"href":"https:\/\/devocionario.net\/index.php\/wp-json\/wp\/v2\/comments?post=8141"}],"version-history":[{"count":3,"href":"https:\/\/devocionario.net\/index.php\/wp-json\/wp\/v2\/posts\/8141\/revisions"}],"predecessor-version":[{"id":8145,"href":"https:\/\/devocionario.net\/index.php\/wp-json\/wp\/v2\/posts\/8141\/revisions\/8145"}],"wp:featuredmedia":[{"embeddable":true,"href":"https:\/\/devocionario.net\/index.php\/wp-json\/wp\/v2\/media\/8143"}],"wp:attachment":[{"href":"https:\/\/devocionario.net\/index.php\/wp-json\/wp\/v2\/media?parent=8141"}],"wp:term":[{"taxonomy":"category","embeddable":true,"href":"https:\/\/devocionario.net\/index.php\/wp-json\/wp\/v2\/categories?post=8141"},{"taxonomy":"post_tag","embeddable":true,"href":"https:\/\/devocionario.net\/index.php\/wp-json\/wp\/v2\/tags?post=8141"}],"curies":[{"name":"wp","href":"https:\/\/api.w.org\/{rel}","templated":true}]}}